{"id":386,"date":"2026-03-05T10:57:29","date_gmt":"2026-03-05T16:57:29","guid":{"rendered":"https:\/\/blog.alejandrobecerril.com\/?p=386"},"modified":"2026-03-06T19:38:04","modified_gmt":"2026-03-07T01:38:04","slug":"serie-tracking-de-productividad-parte-5","status":"publish","type":"post","link":"https:\/\/blog.alejandrobecerril.com\/es\/serie-tracking-de-productividad-parte-5\/","title":{"rendered":"Serie: Tracking de productividad \u2013 Parte 5: Definici\u00f3n del An\u00e1lisis Exploratorio Preliminar."},"content":{"rendered":"<figure class=\"wp-block-image size-large\"><img decoding=\"async\" loading=\"lazy\" width=\"1024\" height=\"683\" src=\"https:\/\/blog.alejandrobecerril.com\/wp-content\/uploads\/2026\/03\/Image-Mar-6-2026-03_48_17-PM-1024x683.png\" alt=\"\" class=\"wp-image-414\" srcset=\"https:\/\/blog.alejandrobecerril.com\/wp-content\/uploads\/2026\/03\/Image-Mar-6-2026-03_48_17-PM-1024x683.png 1024w, https:\/\/blog.alejandrobecerril.com\/wp-content\/uploads\/2026\/03\/Image-Mar-6-2026-03_48_17-PM-300x200.png 300w, https:\/\/blog.alejandrobecerril.com\/wp-content\/uploads\/2026\/03\/Image-Mar-6-2026-03_48_17-PM-768x512.png 768w, https:\/\/blog.alejandrobecerril.com\/wp-content\/uploads\/2026\/03\/Image-Mar-6-2026-03_48_17-PM-18x12.png 18w, https:\/\/blog.alejandrobecerril.com\/wp-content\/uploads\/2026\/03\/Image-Mar-6-2026-03_48_17-PM.png 1536w\" sizes=\"(max-width: 767px) 89vw, (max-width: 1000px) 54vw, (max-width: 1071px) 543px, 580px\" \/><\/figure>\n\n\n\n<p>En este punto del proyecto he recopilado <strong>dos meses<\/strong> completos de informaci\u00f3n, lo que me permitir\u00e1 realizar un <strong>an\u00e1lisis exploratorio preliminar<\/strong> con el objetivo de identificar patrones de comportamiento y responder preguntas puntuales sobre mi desempe\u00f1o laboral.<\/p>\n\n\n\n<p>Para poder interpretar correctamente los resultados, es necesario contextualizar brevemente la naturaleza de mi trabajo. Me desempe\u00f1o como <strong>experto en anal\u00edtica digital <\/strong>en una compa\u00f1\u00eda de tecnolog\u00eda de alto nivel, y trabajo de forma remota. Esto implica que mi jornada laboral es relativamente flexible, aunque normalmente sigo un esquema de aproximadamente ocho horas diarias divididas en dos bloques de trabajo: de <strong>9:00 AM a 2:00 PM<\/strong> y de <strong>3:00 PM a 6:00 PM<\/strong>.<\/p>\n\n\n\n<p>El an\u00e1lisis ser\u00e1 realizado en <strong>dos dimensiones principales<\/strong>: por d\u00eda y por bloque de trabajo, lo que permitir\u00e1 hacer comparaciones tanto entre los distintos d\u00edas de la semana como entre los periodos de trabajo de la ma\u00f1ana y de la tarde.<\/p>\n\n\n\n<h2 class=\"wp-block-heading\">Preparaci\u00f3n del conjunto de datos<\/h2>\n\n\n\n<p>Mi conjunto de datos original contiene \u00fanicamente tres variables: fecha, hora y el identificador del evento capturado, donde:<\/p>\n\n\n\n<ul>\n<li>1 = inicio de bloque de trabajo<\/li>\n\n\n\n<li>2 = inicio de bloque de concentraci\u00f3n<\/li>\n\n\n\n<li>3 = fin de bloque de concentraci\u00f3n<\/li>\n\n\n\n<li>4 = fin de bloque de trabajo<\/li>\n<\/ul>\n\n\n\n<p>Como paso preliminar al an\u00e1lisis, ser\u00e1 necesario realizar una etapa de procesamiento. Esto tiene dos objetivos principales: primero, asegurar que la <strong>calidad de los datos<\/strong> sea adecuada, es decir, que el conjunto de datos sea consistente, que no existan eventos repetidos y que la secuencia de los eventos siga el orden l\u00f3gico esperado; segundo, agrega las siguientes <strong>m\u00e9tricas<\/strong> derivadas, que ser\u00e1n utilizada posteriormente durante la ejecuci\u00f3n el an\u00e1lisis:<\/p>\n\n\n\n<ul>\n<li>D\u00eda de la semana<\/li>\n\n\n\n<li>Periodo de bloque de trabajo (AM o PM)<\/li>\n\n\n\n<li>N\u00famero de bloques de trabajo (cantidad de pares de eventos 1 y 4 dentro de un mismo d\u00eda)<\/li>\n\n\n\n<li>N\u00famero de bloques de concentraci\u00f3n (cantidad de pares de eventos 2 y 3 dentro de un mismo d\u00eda o dentro de un bloque de trabajo)<\/li>\n\n\n\n<li>N\u00famero de distracciones<\/li>\n\n\n\n<li>Duraci\u00f3n total del bloque de trabajo<\/li>\n\n\n\n<li>Duraci\u00f3n total de la jornada laboral<\/li>\n\n\n\n<li>N\u00famero de horas efectivas <\/li>\n\n\n\n<li>Porcentaje de horas efectivas (horas efectivas \/ total de horas de la jornada laboral)<\/li>\n\n\n\n<li>Promedio de duraci\u00f3n de los bloques de concentraci\u00f3n<\/li>\n<\/ul>\n\n\n\n<p>Dentro del sistema tambi\u00e9n he contemplado un indicador llamado<strong> focus score<\/strong>, donde el n\u00famero ideal de horas de concentraci\u00f3n es de <strong>siete <\/strong>por jornada. Este indicador ayudar\u00e1 a penalizar jornadas que sobrepasen este l\u00edmite, evitando que el sistema premie el <strong>sobreesfuerzo <\/strong>y reduciendo el riesgo de promover un esquema de trabajo que pueda derivar en <strong>burnout <\/strong>o en un <strong>desequilibrio <\/strong>entre vida personal y trabajo.<\/p>\n\n\n\n<p>El an\u00e1lisis exploratorio ser\u00e1 realizado en <strong>Jupyter Notebook<\/strong> utilizando <strong>Python<\/strong>, y los resultados obtenidos ser\u00e1n publicados posteriormente. Por lo tanto, en este apartado me concentrar\u00e9 \u00fanicamente en la definici\u00f3n del an\u00e1lisis.<\/p>\n\n\n\n<h2 class=\"wp-block-heading\">Preguntas de investigaci\u00f3n<\/h2>\n\n\n\n<p>Con base en el conjunto de datos y las m\u00e9tricas generadas, defin\u00ed una serie de preguntas que guiar\u00e1n el an\u00e1lisis exploratorio. Estas preguntas buscan identificar patrones relevantes que posteriormente puedan traducirse en <strong>ajustes pr\u00e1cticos<\/strong> para mejorar la gesti\u00f3n de mi tiempo y mi <strong>desempe\u00f1o laboral.<\/strong><\/p>\n\n\n\n<p>Las preguntas que guiar\u00e1n este an\u00e1lisis son las siguientes:<\/p>\n\n\n\n<ol>\n<li>\u00bfEn promedio, qu\u00e9 d\u00edas de la semana me concentro m\u00e1s?<\/li>\n\n\n\n<li>\u00bfMe concentro mejor por la ma\u00f1ana o por la tarde?<\/li>\n\n\n\n<li>\u00bfQu\u00e9 combinaci\u00f3n de d\u00eda y periodo produce mayor concentraci\u00f3n?<\/li>\n\n\n\n<li>\u00bfM\u00e1s bloques de concentraci\u00f3n mejoran el foco?<\/li>\n\n\n\n<li>\u00bfExiste un n\u00famero \u00f3ptimo de bloques de concentraci\u00f3n?<\/li>\n\n\n\n<li>\u00bfM\u00e1s horas de trabajo son realmente m\u00e1s efectivas?<\/li>\n\n\n\n<li>\u00bfExiste un n\u00famero \u00f3ptimo de horas de trabajo?<\/li>\n\n\n\n<li>\u00bfQu\u00e9 bloques deber\u00eda reservar en mi agenda para trabajo profundo?<\/li>\n\n\n\n<li>\u00bfDe qu\u00e9 manera puedo planear mis tareas bas\u00e1ndome en la informaci\u00f3n obtenida?<\/li>\n\n\n\n<li>\u00bfQu\u00e9 ajustes puedo hacer al sistema para ayudarme a gestionar mejor mis jornadas laborales?<\/li>\n<\/ol>\n\n\n\n<h2 class=\"wp-block-heading\">Siguientes pasos<\/h2>\n\n\n\n<p>En la siguiente publicaci\u00f3n presentar\u00e9 la ejecuci\u00f3n del an\u00e1lisis exploratorio y responder\u00e9 estas preguntas en detalle, con el objetivo de identificar patrones concretos que puedan traducirse en mejoras pr\u00e1cticas dentro de mi rutina de trabajo.<\/p>","protected":false},"excerpt":{"rendered":"<p>En este punto del proyecto he recopilado dos meses completos de informaci\u00f3n, lo que me permitir\u00e1 realizar un an\u00e1lisis exploratorio preliminar con el objetivo de identificar patrones de comportamiento y responder preguntas puntuales sobre mi desempe\u00f1o laboral. Para poder interpretar correctamente los resultados, es necesario contextualizar brevemente la naturaleza de mi trabajo. Me desempe\u00f1o como &hellip; <\/p>\n<p class=\"link-more\"><a href=\"https:\/\/blog.alejandrobecerril.com\/es\/serie-tracking-de-productividad-parte-5\/\" class=\"more-link\">Continuar leyendo<span class=\"screen-reader-text\"> &#8220;Serie: Tracking de productividad \u2013 Parte 5: Definici\u00f3n del An\u00e1lisis Exploratorio Preliminar.&#8221;<\/span><\/a><\/p>","protected":false},"author":1,"featured_media":0,"comment_status":"open","ping_status":"open","sticky":false,"template":"","format":"standard","meta":[],"categories":[32],"tags":[],"yoast_head":"<!-- This site is optimized with the Yoast SEO plugin v16.5 - https:\/\/yoast.com\/wordpress\/plugins\/seo\/ -->\n<title>Serie: Tracking de productividad \u2013 Parte 5: Definici\u00f3n del An\u00e1lisis Exploratorio Preliminar. - Alejandro Becerril<\/title>\n<meta name=\"robots\" content=\"index, follow, max-snippet:-1, max-image-preview:large, max-video-preview:-1\" \/>\n<link rel=\"canonical\" href=\"https:\/\/blog.alejandrobecerril.com\/es\/serie-tracking-de-productividad-parte-5\/\" \/>\n<meta property=\"og:locale\" content=\"es_MX\" \/>\n<meta property=\"og:type\" content=\"article\" \/>\n<meta property=\"og:title\" content=\"Serie: Tracking de productividad \u2013 Parte 5: Definici\u00f3n del An\u00e1lisis Exploratorio Preliminar. - Alejandro Becerril\" \/>\n<meta property=\"og:description\" content=\"En este punto del proyecto he recopilado dos meses completos de informaci\u00f3n, lo que me permitir\u00e1 realizar un an\u00e1lisis exploratorio preliminar con el objetivo de identificar patrones de comportamiento y responder preguntas puntuales sobre mi desempe\u00f1o laboral. Para poder interpretar correctamente los resultados, es necesario contextualizar brevemente la naturaleza de mi trabajo. Me desempe\u00f1o como &hellip; Continuar leyendo &quot;Serie: Tracking de productividad \u2013 Parte 5: Definici\u00f3n del An\u00e1lisis Exploratorio Preliminar.&quot;\" \/>\n<meta property=\"og:url\" content=\"https:\/\/blog.alejandrobecerril.com\/es\/serie-tracking-de-productividad-parte-5\/\" \/>\n<meta property=\"og:site_name\" content=\"Alejandro Becerril\" \/>\n<meta property=\"article:published_time\" content=\"2026-03-05T16:57:29+00:00\" \/>\n<meta property=\"article:modified_time\" content=\"2026-03-07T01:38:04+00:00\" \/>\n<meta property=\"og:image\" content=\"https:\/\/blog.alejandrobecerril.com\/wp-content\/uploads\/2026\/03\/Image-Mar-6-2026-03_48_17-PM-1024x683.png\" \/>\n<meta name=\"twitter:card\" content=\"summary_large_image\" \/>\n<meta name=\"twitter:label1\" content=\"Tiempo de lectura\" \/>\n\t<meta name=\"twitter:data1\" content=\"4 minutos\" \/>\n<script type=\"application\/ld+json\" class=\"yoast-schema-graph\">{\"@context\":\"https:\/\/schema.org\",\"@graph\":[{\"@type\":\"WebSite\",\"@id\":\"https:\/\/blog.alejandrobecerril.com\/#website\",\"url\":\"https:\/\/blog.alejandrobecerril.com\/\",\"name\":\"Alejandro becerril - Marketing, C\\u00f3digo y Negocios\",\"description\":\"Data Solutions | Marketing Intelligence | Technology\",\"publisher\":{\"@id\":\"https:\/\/blog.alejandrobecerril.com\/#\/schema\/person\/3967f8b514fab90a660d896cbf407486\"},\"potentialAction\":[{\"@type\":\"SearchAction\",\"target\":\"https:\/\/blog.alejandrobecerril.com\/?s={search_term_string}\",\"query-input\":\"required name=search_term_string\"}],\"inLanguage\":\"es-MX\"},{\"@type\":\"ImageObject\",\"@id\":\"https:\/\/blog.alejandrobecerril.com\/serie-tracking-de-productividad-parte-5\/#primaryimage\",\"inLanguage\":\"es-MX\",\"url\":\"https:\/\/blog.alejandrobecerril.com\/wp-content\/uploads\/2026\/03\/Image-Mar-6-2026-03_48_17-PM.png\",\"contentUrl\":\"https:\/\/blog.alejandrobecerril.com\/wp-content\/uploads\/2026\/03\/Image-Mar-6-2026-03_48_17-PM.png\",\"width\":1536,\"height\":1024},{\"@type\":\"WebPage\",\"@id\":\"https:\/\/blog.alejandrobecerril.com\/serie-tracking-de-productividad-parte-5\/#webpage\",\"url\":\"https:\/\/blog.alejandrobecerril.com\/serie-tracking-de-productividad-parte-5\/\",\"name\":\"Serie: Tracking de productividad \\u2013 Parte 5: Definici\\u00f3n del An\\u00e1lisis Exploratorio Preliminar. - Alejandro Becerril\",\"isPartOf\":{\"@id\":\"https:\/\/blog.alejandrobecerril.com\/#website\"},\"primaryImageOfPage\":{\"@id\":\"https:\/\/blog.alejandrobecerril.com\/serie-tracking-de-productividad-parte-5\/#primaryimage\"},\"datePublished\":\"2026-03-05T16:57:29+00:00\",\"dateModified\":\"2026-03-07T01:38:04+00:00\",\"breadcrumb\":{\"@id\":\"https:\/\/blog.alejandrobecerril.com\/serie-tracking-de-productividad-parte-5\/#breadcrumb\"},\"inLanguage\":\"es-MX\",\"potentialAction\":[{\"@type\":\"ReadAction\",\"target\":[\"https:\/\/blog.alejandrobecerril.com\/serie-tracking-de-productividad-parte-5\/\"]}]},{\"@type\":\"BreadcrumbList\",\"@id\":\"https:\/\/blog.alejandrobecerril.com\/serie-tracking-de-productividad-parte-5\/#breadcrumb\",\"itemListElement\":[{\"@type\":\"ListItem\",\"position\":1,\"name\":\"Inicio\",\"item\":\"https:\/\/blog.alejandrobecerril.com\/\"},{\"@type\":\"ListItem\",\"position\":2,\"name\":\"Serie: Tracking de productividad \\u2013 Parte 5: Definici\\u00f3n del An\\u00e1lisis Exploratorio Preliminar.\"}]},{\"@type\":\"Article\",\"@id\":\"https:\/\/blog.alejandrobecerril.com\/serie-tracking-de-productividad-parte-5\/#article\",\"isPartOf\":{\"@id\":\"https:\/\/blog.alejandrobecerril.com\/serie-tracking-de-productividad-parte-5\/#webpage\"},\"author\":{\"@id\":\"https:\/\/blog.alejandrobecerril.com\/#\/schema\/person\/3967f8b514fab90a660d896cbf407486\"},\"headline\":\"Serie: Tracking de productividad \\u2013 Parte 5: Definici\\u00f3n del An\\u00e1lisis Exploratorio Preliminar.\",\"datePublished\":\"2026-03-05T16:57:29+00:00\",\"dateModified\":\"2026-03-07T01:38:04+00:00\",\"mainEntityOfPage\":{\"@id\":\"https:\/\/blog.alejandrobecerril.com\/serie-tracking-de-productividad-parte-5\/#webpage\"},\"wordCount\":716,\"commentCount\":0,\"publisher\":{\"@id\":\"https:\/\/blog.alejandrobecerril.com\/#\/schema\/person\/3967f8b514fab90a660d896cbf407486\"},\"image\":{\"@id\":\"https:\/\/blog.alejandrobecerril.com\/serie-tracking-de-productividad-parte-5\/#primaryimage\"},\"thumbnailUrl\":\"https:\/\/blog.alejandrobecerril.com\/wp-content\/uploads\/2026\/03\/Image-Mar-6-2026-03_48_17-PM-1024x683.png\",\"articleSection\":[\"Serie: Tracking de productividad\"],\"inLanguage\":\"es-MX\",\"potentialAction\":[{\"@type\":\"CommentAction\",\"name\":\"Comment\",\"target\":[\"https:\/\/blog.alejandrobecerril.com\/serie-tracking-de-productividad-parte-5\/#respond\"]}]},{\"@type\":[\"Person\",\"Organization\"],\"@id\":\"https:\/\/blog.alejandrobecerril.com\/#\/schema\/person\/3967f8b514fab90a660d896cbf407486\",\"name\":\"Alejandro Becerril\",\"image\":{\"@type\":\"ImageObject\",\"@id\":\"https:\/\/blog.alejandrobecerril.com\/#personlogo\",\"inLanguage\":\"es-MX\",\"url\":\"https:\/\/secure.gravatar.com\/avatar\/15ec3fc837a9f7ce7e24092347a222f4?s=96&d=retro&r=g\",\"contentUrl\":\"https:\/\/secure.gravatar.com\/avatar\/15ec3fc837a9f7ce7e24092347a222f4?s=96&d=retro&r=g\",\"caption\":\"Alejandro Becerril\"},\"logo\":{\"@id\":\"https:\/\/blog.alejandrobecerril.com\/#personlogo\"},\"sameAs\":[\"https:\/\/blog.alejandrobecerril.com\"]}]}<\/script>\n<!-- \/ Yoast SEO plugin. -->","_links":{"self":[{"href":"https:\/\/blog.alejandrobecerril.com\/es\/wp-json\/wp\/v2\/posts\/386"}],"collection":[{"href":"https:\/\/blog.alejandrobecerril.com\/es\/wp-json\/wp\/v2\/posts"}],"about":[{"href":"https:\/\/blog.alejandrobecerril.com\/es\/wp-json\/wp\/v2\/types\/post"}],"author":[{"embeddable":true,"href":"https:\/\/blog.alejandrobecerril.com\/es\/wp-json\/wp\/v2\/users\/1"}],"replies":[{"embeddable":true,"href":"https:\/\/blog.alejandrobecerril.com\/es\/wp-json\/wp\/v2\/comments?post=386"}],"version-history":[{"count":13,"href":"https:\/\/blog.alejandrobecerril.com\/es\/wp-json\/wp\/v2\/posts\/386\/revisions"}],"predecessor-version":[{"id":422,"href":"https:\/\/blog.alejandrobecerril.com\/es\/wp-json\/wp\/v2\/posts\/386\/revisions\/422"}],"wp:attachment":[{"href":"https:\/\/blog.alejandrobecerril.com\/es\/wp-json\/wp\/v2\/media?parent=386"}],"wp:term":[{"taxonomy":"category","embeddable":true,"href":"https:\/\/blog.alejandrobecerril.com\/es\/wp-json\/wp\/v2\/categories?post=386"},{"taxonomy":"post_tag","embeddable":true,"href":"https:\/\/blog.alejandrobecerril.com\/es\/wp-json\/wp\/v2\/tags?post=386"}],"curies":[{"name":"wp","href":"https:\/\/api.w.org\/{rel}","templated":true}]}}